{"id":5130,"date":"2022-11-08T13:00:00","date_gmt":"2022-11-08T13:00:00","guid":{"rendered":"https:\/\/www.salkantaytrekking.com\/blog\/?p=5130"},"modified":"2024-12-30T18:06:51","modified_gmt":"2024-12-30T23:06:51","slug":"vicuna-perus-representative-emblematic-species","status":"publish","type":"post","link":"https:\/\/www.salkantaytrekking.com\/blog\/vicuna-perus-representative-emblematic-species\/","title":{"rendered":"The Vicu\u00f1a: Peru\u2019s Representative and Emblematic Species"},"content":{"rendered":"\n<p><strong>Peru<\/strong>&nbsp;is a land that\u2019s full of surprises, both naturally and culturally. The country has a beautifully vibrant landscape that inspires visitors daily from around the globe.&nbsp;<strong>The wildlife native to Peru&nbsp;<\/strong>is diverse and shocking in so many ways. In fact, Peru is said to contain the most biodiverse places on earth!<\/p>\n\n\n\n<p>On Peru\u2019s coat of arms, you\u2019ll see the most important representations of Peruvian national pride, including a prime example of natural wonder, heroism, and freedom:&nbsp;<strong>the vicu\u00f1a<\/strong>. In fact, they have their own holiday,&nbsp;<strong>National Vicu\u00f1a Day,<\/strong>&nbsp;on November 15th. These unique creatures are like prancing pieces of living poetry perfectly adorning the windy Andean highlands!<\/p>\n\n\n\n<p>Read on to discover everything you need to know about Peru\u2019s representative and emblematic species, the vicu\u00f1a, considered a jewel in the mountains.<\/p>\n\n\n\n<ul class=\"wp-block-list anchor-links\">\n<li><a href=\"#h-what-is-a-vicuna\">What is a Vicu\u00f1a?<\/a><\/li>\n\n\n\n<li><a href=\"#h-vicunas-through-time\">Vicu\u00f1as Through Time<\/a><\/li>\n\n\n\n<li><a href=\"#h-herds-habitat\">Herds &amp; Habitat<\/a><\/li>\n\n\n\n<li><a href=\"#h-diet-in-the-altiplano\">Diet in the Altiplano<\/a><\/li>\n\n\n\n<li><a href=\"#h-ecological-importance\">Ecological Importance<\/a><\/li>\n\n\n\n<li><a href=\"#h-vicuna-wool\">Vicu\u00f1a Wool<\/a><\/li>\n\n\n\n<li><a href=\"#h-the-chaccu\">The \u201cChaccu\u201d<\/a><\/li>\n\n\n\n<li><a href=\"#h-where-can-you-see-vicunas-in-the-wild\">Where Can You See Vicu\u00f1as in the Wild?<\/a><\/li>\n\n\n\n<li><a href=\"#h-conclusion\">Conclusion<\/a><\/li>\n<\/ul>\n\n\n\n<h2 class=\"wp-block-heading\" id=\"h-what-is-a-vicuna\">What is a Vicu\u00f1a?<\/h2>\n\n\n\n<p>The dainty vicu\u00f1a is a 4-legged mammal of the camelid family native to the Andes Mountains. Peru is home to 2 domesticated species \u2013 the llama and the alpaca \u2013 and 2 wild species \u2013 the guanaco and the vicu\u00f1a. While guanacos are the genetic ancestors of llamas,&nbsp;<strong>vicu\u00f1as are the ancestors of alpacas<\/strong>. The vicu\u00f1a is the smallest of all camelids, generally weighing about 35-65 kilograms and measuring 75-85 cm tall as an adult. They generally live 20-25 years.&nbsp;<\/p>\n\n\n\n<p>Vicu\u00f1as have incredibly soft and fine wool covering their entire body! The chest, belly, and back of the legs have white fur, and a longer mane hangs from the chest. Their long neck, back, head, and front legs have a tan or cinnamon-colored fur covering.&nbsp;<\/p>\n\n\n\n<div class=\"wp-block-columns is-layout-flex wp-container-core-columns-is-layout-9d6595d7 wp-block-columns-is-layout-flex\">\n<div class=\"wp-block-column is-layout-flow wp-block-column-is-layout-flow\">\n<figure class=\"wp-block-image\"><img decoding=\"async\" src=\"https:\/\/www.salkantaytrekking.com\/blog\/wp-content\/uploads\/2022\/11\/Vicuna-Peruvian-Andes-@frankthierfelder1.jpg\" alt=\"Vicu\u00f1a Peruvian Andes | @frankthierfelder1\" class=\"wp-image-6705\"\/><figcaption class=\"wp-element-caption\">VICU\u00d1A PERUVIAN ANDES | @FRANKTHIERFELDER1<\/figcaption><\/figure>\n<\/div>\n\n\n\n<div class=\"wp-block-column is-layout-flow wp-block-column-is-layout-flow\">\n<figure class=\"wp-block-image\"><img decoding=\"async\" src=\"https:\/\/www.salkantaytrekking.com\/blog\/wp-content\/uploads\/2022\/11\/Pampa-Galeras-Barbara-D-Achille-@jordibartolomefilella.jpg\" alt=\"Pampa Galeras \u2013 Barbara D'Achille | @jordibartolomefilella\" class=\"wp-image-6706\"\/><figcaption class=\"wp-element-caption\">PAMPA GALERAS \u2013 BARBARA D\u2019ACHILLE | @JORDIBARTOLOMEFILELLA<\/figcaption><\/figure>\n<\/div>\n<\/div>\n\n\n\n<h2 class=\"wp-block-heading\" id=\"h-vicunas-through-time\">Vicu\u00f1as Through Time<\/h2>\n\n\n\n<p>Since the first inhabitants of&nbsp;<strong><a href=\"https:\/\/www.salkantaytrekking.com\/blog\/family-holidays-peru\/\">Peru<\/a><\/strong>&nbsp;stepped foot on these mountains, there\u2019s been a relationship between these endearing animals and the human population. Vicu\u00f1a fibers, bones, dung, and meat were used by these hunter-gatherer communities for survival in the highlands.&nbsp;<\/p>\n\n\n\n<p>Later, the Inca Empire revered vicu\u00f1as and protected them through governmental sustainability policies, capturing them to shear their wool and then releasing the majority back into the wild. They were considered sacred animal who was directly connected to the gods, and their precious fibers were only allowed to be crafted into textiles by selected weavers, the \u201cvirgins of the sun,\u201d and worn only by the elite of society.&nbsp;<\/p>\n\n\n\n<p>When the Spanish conquistadors arrived in the Andes, vicu\u00f1as suffered greatly. As they did with all resources found in these lands, vicu\u00f1a wool was exploited as an expensive commodity to sell in the European market. In fact, the Spanish charged taxes to the native people in the form of vicu\u00f1a skins. These distinguished animals were slaughtered by the thousands until the Spanish king declared them as a possession of the crown and prohibited the killings.&nbsp;<\/p>\n\n\n\n<p>When South America regained independence, the&nbsp;<strong>liberator Simon Bolivar<\/strong>&nbsp;and his companions implemented regulations for vicu\u00f1a protection. However, the exportation of vicu\u00f1a skins continued. By the 1960s, there were only about 6,000 vicu\u00f1as in existence until conservation efforts were started in 1969 at the Vicu\u00f1a Convention involving the Andean countries of South America. Initiatives for vicu\u00f1a recovery continue still today, and the global population has thankfully grown to about 500,000!<\/p>\n\n\n\n<h2 class=\"wp-block-heading\" id=\"h-herds-amp-habitat\">Herds &amp; Habitat<\/h2>\n\n\n\n<p>Vicu\u00f1as live only in high-altitude Andean shrubland plateaus between 3500 MASL (11,480 FASL) and 5750 MASL (18,865 FASL). They operate within various types of herds. There are small 6-10 member family groups (headed by one dominant male who mates with all females) and larger conglomerate herds of 30-150 members. Vicu\u00f1as also have young bachelor and sorority groups of unmatched males and females, respectively. The group leader will let out a high-pitched whistle at the first sign of danger to warn and protect his herd. If a fight ensues, the male will spit at his opponent!<\/p>\n\n\n\n<p><strong>A baby vicu\u00f1a is called a fawn<\/strong>, and the gestation period is about 11 months for a single fawn,&nbsp; starting during the breeding season in March and April. Fifteen minutes after birth, they begin to walk. The babies nurse for about 10 months and then begin to function independently from their mother at about 1-1.5 years old.&nbsp;<\/p>\n\n\n\n<figure class=\"wp-block-image\"><img decoding=\"async\" src=\"https:\/\/www.salkantaytrekking.com\/blog\/wp-content\/uploads\/2022\/11\/Vicuna-Ayacucho-@bpiiics-1024x576.jpg\" alt=\"Vicu\u00f1a Ayacucho | @bpiiics\" class=\"wp-image-6704\"\/><figcaption class=\"wp-element-caption\">VICU\u00d1AS AYACUCHO | @BPIIICS<\/figcaption><\/figure>\n\n\n\n<h2 class=\"wp-block-heading\" id=\"h-diet-in-the-altiplano\">Diet in the Altiplano<\/h2>\n\n\n\n<p>The herds graze and sleep in distinct areas of the grasslands they call home, heading to higher-altitude plains at night to rest. Each herd stays within a certain territory, and that territory is defended by the group leader. They are herbivores who eat the clumped grasses and shrubs of the Andean plateaus using their rodent-like teeth.<\/p>\n\n\n\n<h2 class=\"wp-block-heading\" id=\"h-ecological-importance-nbsp\">Ecological Importance&nbsp;<\/h2>\n\n\n\n<p>These animals are an important part of the altiplano ecosystem, contributing nutrient-dense droppings to the arid landscape. This allows for soil development and organic plant growth that wouldn\u2019t otherwise be able to exist in the cold and rocky Andean highlands. Curiously enough, vicu\u00f1as establish communal toilet areas, and patches of bright plant life emerge, creating a striking contrast to the surrounding craggy landscape and providing a food source for the vicu\u00f1as, themselves, and other local wildlife.&nbsp;<\/p>\n\n\n\n<p><strong>Vicu\u00f1as, as the main symbol of life in the highland plateaus of the Andes<\/strong>,&nbsp;<strong>inspire protection and sustainability in these areas<\/strong>, allowing for the rest of the local fauna and flora, in general, to be protected, as well as flourish naturally.&nbsp;<\/p>\n\n\n\n<div class=\"wp-block-columns is-layout-flex wp-container-core-columns-is-layout-9d6595d7 wp-block-columns-is-layout-flex\">\n<div class=\"wp-block-column is-layout-flow wp-block-column-is-layout-flow\">\n<figure class=\"wp-block-image\"><img decoding=\"async\" src=\"https:\/\/www.salkantaytrekking.com\/blog\/wp-content\/uploads\/2022\/11\/Vicuna-@giorgioluparia.jpg\" alt=\"Vicu\u00f1a | @giorgioluparia\" class=\"wp-image-6699\"\/><figcaption class=\"wp-element-caption\">VICU\u00d1A | @GIORGIOLUPARIA<\/figcaption><\/figure>\n<\/div>\n\n\n\n<div class=\"wp-block-column is-layout-flow wp-block-column-is-layout-flow\">\n<figure class=\"wp-block-image\"><img decoding=\"async\" src=\"https:\/\/www.salkantaytrekking.com\/blog\/wp-content\/uploads\/2022\/11\/Vicuna-of-the-Andes-@giorgioluparia.jpg\" alt=\"Vicu\u00f1a of the Andes | @giorgioluparia\" class=\"wp-image-6700\"\/><figcaption class=\"wp-element-caption\">VICU\u00d1A OF THE ANDES | @GIORGIOLUPARIA<\/figcaption><\/figure>\n<\/div>\n<\/div>\n\n\n\n<h2 class=\"wp-block-heading\" id=\"h-vicuna-wool-nbsp\">Vicu\u00f1a Wool&nbsp;<\/h2>\n\n\n\n<p>The amazingly soft fleece of vicu\u00f1as has been collected since before the time of the Incas. Today,&nbsp;<strong>it\u2019s the most scarce and most expensive luxury wool in the world<\/strong>. Its micron count is 8-13, making it the slimmest stranded, finest, and most comfortable out there, compared to cashmere\u2019s 14 microns and merino\u2019s 19 microns. Its quality is superb, its warmth per thickness is excellent, and it\u2019s hypoallergenic.&nbsp;<\/p>\n\n\n\n<p>The fibers are so durable that a textile of vicu\u00f1a wool can be passed down from one generation to the next. It\u2019s beautiful, natural colors combine easily with any wardrobe choice, making it prime for the fashion industry. Unfortunately, their fur was the main promoter of the vicu\u00f1a\u2019s downfall, driving them to the brink of&nbsp;<strong>extinction due to overexploitation<\/strong>.&nbsp;<\/p>\n\n\n\n<p>In recent years, breeding has begun between alpacas and vicu\u00f1as to create the \u201c<strong>pacovicu\u00f1a<\/strong>,\u201d an animal with higher quality wool than alpacas, closer to that of vicu\u00f1as. It\u2019s easier to obtain this fiber because pacovicu\u00f1as are domesticated, plus they produce more wool than vicu\u00f1as and reproduce at a faster rate than alpacas. This all creates a convenient and cost-friendly product for the international fiber market.<\/p>\n\n\n\n<figure class=\"wp-block-image\"><img decoding=\"async\" src=\"https:\/\/www.salkantaytrekking.com\/blog\/wp-content\/uploads\/2022\/11\/Vicuna-Wool-@erick_c.sar_-1024x576.jpg\" alt=\"Vicu\u00f1a Wool | @erick_c.sar\" class=\"wp-image-6701\"\/><figcaption class=\"wp-element-caption\">VICU\u00d1A WOOL | @ERICK_C.SAR<\/figcaption><\/figure>\n\n\n\n<h2 class=\"wp-block-heading\" id=\"h-the-chaccu\">The \u201cChaccu\u201d<\/h2>\n\n\n\n<p>Vicu\u00f1as can only be sheared once every 2-3 years, and it takes the fur of 4 vicu\u00f1as to produce 1 kilogram of wool, which sells for between $300 \u2013 $600 (cashmere sells for $80). As non-domesticated and protected animals, the only legal way to collect vicu\u00f1a wool is in a \u201cchaccu.\u201d This<strong>&nbsp;is a ceremony that was established by the Incas<\/strong>&nbsp;and is still a sacred and important cultural practice with an air of awe and celebration in the local community.<\/p>\n\n\n\n<p>During a chaccu, the wild vicu\u00f1as are rounded up into a fenced-in area, gently sheared, and then released immediately, creating the least stress possible for the animal since they\u2019re nervous, timid creatures and can react negatively. It can take up to 30 workers to carefully corner an elusive vicu\u00f1a herd! Only those ready for shearing are selected to continue the process. The event takes place annually in the spring, giving the sheared vicu\u00f1as time to regrow their fur before winter.&nbsp;<\/p>\n\n\n\n<p>This practice reduces illegal poaching, providing a sustainable collection technique so local communities can still benefit from the luxury fibers of the vicu\u00f1a without hunting them.&nbsp;<\/p>\n\n\n\n<p>Vicu\u00f1a wool has become a solid source of support for low-income communities high in the mountains, but that is constantly threatened by outside interests from wealthier international parties who are looking to invest and turn a profit. To best support the locals, buy from small companies that work in tandem with local communities. Or better yet, visit Peru and buy directly from the&nbsp;<strong><a href=\"https:\/\/www.salkantaytrekking.com\/blog\/the-best-artisan-products-and-recommendations-to-buy-in-cusco\/\">artisans<\/a><\/strong>, themselves!&nbsp;<\/p>\n\n\n\n<figure class=\"wp-block-image\"><img decoding=\"async\" src=\"https:\/\/www.salkantaytrekking.com\/blog\/wp-content\/uploads\/2022\/11\/The-Chaccu-Vicuna-@erick_c.sar_-1024x576.jpg\" alt=\"The \u201cChaccu\u201d Vicu\u00f1a | @erick_c.sar\" class=\"wp-image-6710\"\/><figcaption class=\"wp-element-caption\">THE \u201cCHACCU\u201d VICU\u00d1A | @ERICK_C.SAR<\/figcaption><\/figure>\n\n\n\n<h2 class=\"wp-block-heading\" id=\"h-where-can-you-see-vicunas-in-the-wild-nbsp\">Where Can You See Vicu\u00f1as in the Wild?&nbsp;<\/h2>\n\n\n\n<p>As mentioned, vicu\u00f1as live in the altiplano \u2013 the high-altitude plateaus \u2013 of the Andes above 3500 MASL (11,480 FASL). They\u2019re native to Peru, Bolivia, Chile, and Argentina and have been introduced into the Andes of Ecuador. In Peru, you\u2019ll be able to see them prancing across windy plains in the regions of Ayacucho, Apurimac, Ancash, Cusco, Cajamarca, Huancavelica, Huanuco, Pasco, Puno, Tacna, Ica, Moquegua, La Libertad, Lima, and Arequipa! Here are the best spots to find them:<\/p>\n\n\n\n<ul class=\"wp-block-list\">\n<li>Pampa Galeras National Reserve and surrounding areas (Puquio \/ Ayacucho)<\/li>\n\n\n\n<li>Salinas and Aguada Blanca National Reserve (Arequipa)<\/li>\n\n\n\n<li>Huascaran National Park and the Cordillera Blanca Mountain Range (Santa Cruz and&nbsp;<strong><a href=\"https:\/\/www.salkantaytrekking.com\/blog\/humantay-lake-vs-lake-69-hidden-gems-of-the-peruvian-andes\/\">Lake 69<\/a><\/strong>&nbsp;Trek \u2013 Huaraz)<\/li>\n\n\n\n<li>Vilcanota Mountain Range (Ausangate Trek and Rainbow Mountain Vinicunca \u2013 Cusco)<\/li>\n\n\n\n<li>Pampachiri (Andahuaylas \/ Apurimac)<\/li>\n\n\n\n<li><strong><a href=\"https:\/\/www.salkantaytrekking.com\/blog\/best-things-puno-peru\/\">Puno<\/a><\/strong>&nbsp;(Titicaca or Andean Explorer train rides by PeruRail)<\/li>\n\n\n\n<li>National Sanctuary of&nbsp;<strong><a href=\"https:\/\/www.salkantaytrekking.com\/blog\/perus-10-most-visited-national-parks\/#h-National-Sanctuary-of-Huayllay\">Huayllay<\/a><\/strong>&nbsp;(Cerro de Pasco \/ Huanuco)<\/li>\n<\/ul>\n\n\n\n<div class=\"wp-block-columns is-layout-flex wp-container-core-columns-is-layout-9d6595d7 wp-block-columns-is-layout-flex\">\n<div class=\"wp-block-column is-layout-flow wp-block-column-is-layout-flow\">\n<figure class=\"wp-block-image\"><img decoding=\"async\" src=\"https:\/\/www.salkantaytrekking.com\/blog\/wp-content\/uploads\/2022\/11\/Pampa-Galeras-National-Reserve-@sorii_21.jpg\" alt=\"Pampa Galeras National Reserve | @sorii_21\" class=\"wp-image-6702\"\/><figcaption class=\"wp-element-caption\">PAMPA GALERAS NATIONAL RESERVE | @SORII_21<\/figcaption><\/figure>\n<\/div>\n\n\n\n<div class=\"wp-block-column is-layout-flow wp-block-column-is-layout-flow\">\n<figure class=\"wp-block-image\"><img decoding=\"async\" src=\"https:\/\/www.salkantaytrekking.com\/blog\/wp-content\/uploads\/2022\/11\/Pampa-Galeras-@favio.valcarcel.jpg\" alt=\"Pampa Galeras | @favio.valcarcel\" class=\"wp-image-6703\"\/><figcaption class=\"wp-element-caption\">PAMPA GALERAS | @FAVIO.VALCARCEL<\/figcaption><\/figure>\n<\/div>\n<\/div>\n\n\n\n<h2 class=\"wp-block-heading\" id=\"h-conclusion\">Conclusion<\/h2>\n\n\n\n<p>The vicu\u00f1a is one of the most awe-inspiring animals on our planet, and their grace and gentleness have left a lasting impact on society throughout the years. They\u2019ve been the subject of wonder, inspiration, art, music, myths, legends, and rituals, as well as human greed and exploitation. It\u2019s our turn to give back to these sacred creatures and help them flourish to continue surprising the people of future generations and preserving the landscape of the Andean highlands!<\/p>\n\n\n\n<ul class=\"wp-block-list lang\">\n<li class=\"es\">ES<\/li>\n\n\n\n<li class=\"pt\">PT<\/li>\n<\/ul>\n","protected":false},"excerpt":{"rendered":"<p>Peru&nbsp;is a land that\u2019s full of surprises, both naturally and culturally. The country has a beautifully vibrant landscape that inspires visitors daily from around the globe.&nbsp;The wildlife native to Peru&nbsp;is diverse and shocking in so many ways. In fact, Peru [&hellip;]<\/p>\n","protected":false},"author":1,"featured_media":5137,"comment_status":"open","ping_status":"closed","sticky":false,"template":"","format":"standard","meta":{"footnotes":""},"categories":[1],"tags":[],"class_list":["post-5130","post","type-post","status-publish","format-standard","has-post-thumbnail","hentry","category-trek"],"yoast_head":"<!-- This site is optimized with the Yoast SEO Premium plugin v27.4 (Yoast SEO v27.5) - https:\/\/yoast.com\/product\/yoast-seo-premium-wordpress\/ -->\n<title>The Vicu\u00f1a: Peru\u2019s Representative and Emblematic Species<\/title>\n<meta name=\"description\" content=\"Discover everything you need to know about Peru&#039;s representative and emblematic species, the vicu\u00f1a, considered a jewel in the mountains.\" \/>\n<meta name=\"robots\" content=\"index, follow, max-snippet:-1, max-image-preview:large, max-video-preview:-1\" \/>\n<link rel=\"canonical\" href=\"https:\/\/www.salkantaytrekking.com\/blog\/vicuna-perus-representative-emblematic-species\/\" \/>\n<meta property=\"og:locale\" content=\"en_US\" \/>\n<meta property=\"og:type\" content=\"article\" \/>\n<meta property=\"og:title\" content=\"The Vicu\u00f1a: Peru\u2019s Representative and Emblematic Species\" \/>\n<meta property=\"og:description\" content=\"Discover everything you need to know about Peru&#039;s representative and emblematic species, the vicu\u00f1a, considered a jewel in the mountains.\" \/>\n<meta property=\"og:url\" content=\"https:\/\/www.salkantaytrekking.com\/blog\/vicuna-perus-representative-emblematic-species\/\" \/>\n<meta property=\"og:site_name\" content=\"Peru travel guide\" \/>\n<meta property=\"article:publisher\" content=\"https:\/\/www.facebook.com\/SalkantayTrekking\/\" \/>\n<meta property=\"article:published_time\" content=\"2022-11-08T13:00:00+00:00\" \/>\n<meta property=\"article:modified_time\" content=\"2024-12-30T23:06:51+00:00\" \/>\n<meta property=\"og:image\" content=\"https:\/\/www.salkantaytrekking.com\/blog\/wp-content\/uploads\/2022\/11\/the-vicuna-emblematic-peruvian-creature.png\" \/>\n\t<meta property=\"og:image:width\" content=\"1250\" \/>\n\t<meta property=\"og:image:height\" content=\"703\" \/>\n\t<meta property=\"og:image:type\" content=\"image\/png\" \/>\n<meta name=\"author\" content=\"Salkantay Trekking\" \/>\n<meta name=\"twitter:card\" content=\"summary_large_image\" \/>\n<meta name=\"twitter:creator\" content=\"@salkantayperu\" \/>\n<meta name=\"twitter:site\" content=\"@salkantayperu\" \/>\n<meta name=\"twitter:label1\" content=\"Written by\" \/>\n\t<meta name=\"twitter:data1\" content=\"Salkantay Trekking\" \/>\n\t<meta name=\"twitter:label2\" content=\"Est. reading time\" \/>\n\t<meta name=\"twitter:data2\" content=\"9 minutes\" \/>\n<script type=\"application\/ld+json\" class=\"yoast-schema-graph\">{\"@context\":\"https:\\\/\\\/schema.org\",\"@graph\":[{\"@type\":\"Article\",\"@id\":\"https:\\\/\\\/www.salkantaytrekking.com\\\/blog\\\/vicuna-perus-representative-emblematic-species\\\/#article\",\"isPartOf\":{\"@id\":\"https:\\\/\\\/www.salkantaytrekking.com\\\/blog\\\/vicuna-perus-representative-emblematic-species\\\/\"},\"author\":{\"name\":\"Salkantay Trekking\",\"@id\":\"https:\\\/\\\/www.salkantaytrekking.com\\\/blog\\\/#\\\/schema\\\/person\\\/d10b61834a4cf04c0f65c525f4afc8ec\"},\"headline\":\"The Vicu\u00f1a: Peru\u2019s Representative and Emblematic Species\",\"datePublished\":\"2022-11-08T13:00:00+00:00\",\"dateModified\":\"2024-12-30T23:06:51+00:00\",\"mainEntityOfPage\":{\"@id\":\"https:\\\/\\\/www.salkantaytrekking.com\\\/blog\\\/vicuna-perus-representative-emblematic-species\\\/\"},\"wordCount\":1689,\"commentCount\":0,\"image\":{\"@id\":\"https:\\\/\\\/www.salkantaytrekking.com\\\/blog\\\/vicuna-perus-representative-emblematic-species\\\/#primaryimage\"},\"thumbnailUrl\":\"https:\\\/\\\/www.salkantaytrekking.com\\\/blog\\\/wp-content\\\/uploads\\\/2022\\\/12\\\/The-Vicuna-Perus-Representative-and-Emblematic-Species.jpg\",\"articleSection\":[\"Trek\"],\"inLanguage\":\"en-US\",\"potentialAction\":[{\"@type\":\"CommentAction\",\"name\":\"Comment\",\"target\":[\"https:\\\/\\\/www.salkantaytrekking.com\\\/blog\\\/vicuna-perus-representative-emblematic-species\\\/#respond\"]}]},{\"@type\":\"WebPage\",\"@id\":\"https:\\\/\\\/www.salkantaytrekking.com\\\/blog\\\/vicuna-perus-representative-emblematic-species\\\/\",\"url\":\"https:\\\/\\\/www.salkantaytrekking.com\\\/blog\\\/vicuna-perus-representative-emblematic-species\\\/\",\"name\":\"The Vicu\u00f1a: Peru\u2019s Representative and Emblematic Species\",\"isPartOf\":{\"@id\":\"https:\\\/\\\/www.salkantaytrekking.com\\\/blog\\\/#website\"},\"primaryImageOfPage\":{\"@id\":\"https:\\\/\\\/www.salkantaytrekking.com\\\/blog\\\/vicuna-perus-representative-emblematic-species\\\/#primaryimage\"},\"image\":{\"@id\":\"https:\\\/\\\/www.salkantaytrekking.com\\\/blog\\\/vicuna-perus-representative-emblematic-species\\\/#primaryimage\"},\"thumbnailUrl\":\"https:\\\/\\\/www.salkantaytrekking.com\\\/blog\\\/wp-content\\\/uploads\\\/2022\\\/12\\\/The-Vicuna-Perus-Representative-and-Emblematic-Species.jpg\",\"datePublished\":\"2022-11-08T13:00:00+00:00\",\"dateModified\":\"2024-12-30T23:06:51+00:00\",\"author\":{\"@id\":\"https:\\\/\\\/www.salkantaytrekking.com\\\/blog\\\/#\\\/schema\\\/person\\\/d10b61834a4cf04c0f65c525f4afc8ec\"},\"description\":\"Discover everything you need to know about Peru's representative and emblematic species, the vicu\u00f1a, considered a jewel in the mountains.\",\"breadcrumb\":{\"@id\":\"https:\\\/\\\/www.salkantaytrekking.com\\\/blog\\\/vicuna-perus-representative-emblematic-species\\\/#breadcrumb\"},\"inLanguage\":\"en-US\",\"potentialAction\":[{\"@type\":\"ReadAction\",\"target\":[\"https:\\\/\\\/www.salkantaytrekking.com\\\/blog\\\/vicuna-perus-representative-emblematic-species\\\/\"]}]},{\"@type\":\"ImageObject\",\"inLanguage\":\"en-US\",\"@id\":\"https:\\\/\\\/www.salkantaytrekking.com\\\/blog\\\/vicuna-perus-representative-emblematic-species\\\/#primaryimage\",\"url\":\"https:\\\/\\\/www.salkantaytrekking.com\\\/blog\\\/wp-content\\\/uploads\\\/2022\\\/12\\\/The-Vicuna-Perus-Representative-and-Emblematic-Species.jpg\",\"contentUrl\":\"https:\\\/\\\/www.salkantaytrekking.com\\\/blog\\\/wp-content\\\/uploads\\\/2022\\\/12\\\/The-Vicuna-Perus-Representative-and-Emblematic-Species.jpg\",\"width\":1920,\"height\":1249,\"caption\":\"Group of Vicunas in the Andes of Peru\"},{\"@type\":\"BreadcrumbList\",\"@id\":\"https:\\\/\\\/www.salkantaytrekking.com\\\/blog\\\/vicuna-perus-representative-emblematic-species\\\/#breadcrumb\",\"itemListElement\":[{\"@type\":\"ListItem\",\"position\":1,\"name\":\"Home\",\"item\":\"https:\\\/\\\/www.salkantaytrekking.com\\\/blog\\\/\"},{\"@type\":\"ListItem\",\"position\":2,\"name\":\"The Vicu\u00f1a: Peru\u2019s Representative and Emblematic Species\"}]},{\"@type\":\"WebSite\",\"@id\":\"https:\\\/\\\/www.salkantaytrekking.com\\\/blog\\\/#website\",\"url\":\"https:\\\/\\\/www.salkantaytrekking.com\\\/blog\\\/\",\"name\":\"Salkantay Trekking Blog\",\"description\":\"Blogs\",\"potentialAction\":[{\"@type\":\"SearchAction\",\"target\":{\"@type\":\"EntryPoint\",\"urlTemplate\":\"https:\\\/\\\/www.salkantaytrekking.com\\\/blog\\\/?s={search_term_string}\"},\"query-input\":{\"@type\":\"PropertyValueSpecification\",\"valueRequired\":true,\"valueName\":\"search_term_string\"}}],\"inLanguage\":\"en-US\"},{\"@type\":\"Person\",\"@id\":\"https:\\\/\\\/www.salkantaytrekking.com\\\/blog\\\/#\\\/schema\\\/person\\\/d10b61834a4cf04c0f65c525f4afc8ec\",\"name\":\"Salkantay Trekking\",\"image\":{\"@type\":\"ImageObject\",\"inLanguage\":\"en-US\",\"@id\":\"https:\\\/\\\/secure.gravatar.com\\\/avatar\\\/b41678a33c57a2bf0032b7c254611fc97caffd94ade0663405b364d1c0177d1d?s=96&d=mm&r=g\",\"url\":\"https:\\\/\\\/secure.gravatar.com\\\/avatar\\\/b41678a33c57a2bf0032b7c254611fc97caffd94ade0663405b364d1c0177d1d?s=96&d=mm&r=g\",\"contentUrl\":\"https:\\\/\\\/secure.gravatar.com\\\/avatar\\\/b41678a33c57a2bf0032b7c254611fc97caffd94ade0663405b364d1c0177d1d?s=96&d=mm&r=g\",\"caption\":\"Salkantay Trekking\"}}]}<\/script>\n<!-- \/ Yoast SEO Premium plugin. -->","yoast_head_json":{"title":"The Vicu\u00f1a: Peru\u2019s Representative and Emblematic Species","description":"Discover everything you need to know about Peru's representative and emblematic species, the vicu\u00f1a, considered a jewel in the mountains.","robots":{"index":"index","follow":"follow","max-snippet":"max-snippet:-1","max-image-preview":"max-image-preview:large","max-video-preview":"max-video-preview:-1"},"canonical":"https:\/\/www.salkantaytrekking.com\/blog\/vicuna-perus-representative-emblematic-species\/","og_locale":"en_US","og_type":"article","og_title":"The Vicu\u00f1a: Peru\u2019s Representative and Emblematic Species","og_description":"Discover everything you need to know about Peru's representative and emblematic species, the vicu\u00f1a, considered a jewel in the mountains.","og_url":"https:\/\/www.salkantaytrekking.com\/blog\/vicuna-perus-representative-emblematic-species\/","og_site_name":"Peru travel guide","article_publisher":"https:\/\/www.facebook.com\/SalkantayTrekking\/","article_published_time":"2022-11-08T13:00:00+00:00","article_modified_time":"2024-12-30T23:06:51+00:00","og_image":[{"width":1250,"height":703,"url":"https:\/\/www.salkantaytrekking.com\/blog\/wp-content\/uploads\/2022\/11\/the-vicuna-emblematic-peruvian-creature.png","type":"image\/png"}],"author":"Salkantay Trekking","twitter_card":"summary_large_image","twitter_creator":"@salkantayperu","twitter_site":"@salkantayperu","twitter_misc":{"Written by":"Salkantay Trekking","Est. reading time":"9 minutes"},"schema":{"@context":"https:\/\/schema.org","@graph":[{"@type":"Article","@id":"https:\/\/www.salkantaytrekking.com\/blog\/vicuna-perus-representative-emblematic-species\/#article","isPartOf":{"@id":"https:\/\/www.salkantaytrekking.com\/blog\/vicuna-perus-representative-emblematic-species\/"},"author":{"name":"Salkantay Trekking","@id":"https:\/\/www.salkantaytrekking.com\/blog\/#\/schema\/person\/d10b61834a4cf04c0f65c525f4afc8ec"},"headline":"The Vicu\u00f1a: Peru\u2019s Representative and Emblematic Species","datePublished":"2022-11-08T13:00:00+00:00","dateModified":"2024-12-30T23:06:51+00:00","mainEntityOfPage":{"@id":"https:\/\/www.salkantaytrekking.com\/blog\/vicuna-perus-representative-emblematic-species\/"},"wordCount":1689,"commentCount":0,"image":{"@id":"https:\/\/www.salkantaytrekking.com\/blog\/vicuna-perus-representative-emblematic-species\/#primaryimage"},"thumbnailUrl":"https:\/\/www.salkantaytrekking.com\/blog\/wp-content\/uploads\/2022\/12\/The-Vicuna-Perus-Representative-and-Emblematic-Species.jpg","articleSection":["Trek"],"inLanguage":"en-US","potentialAction":[{"@type":"CommentAction","name":"Comment","target":["https:\/\/www.salkantaytrekking.com\/blog\/vicuna-perus-representative-emblematic-species\/#respond"]}]},{"@type":"WebPage","@id":"https:\/\/www.salkantaytrekking.com\/blog\/vicuna-perus-representative-emblematic-species\/","url":"https:\/\/www.salkantaytrekking.com\/blog\/vicuna-perus-representative-emblematic-species\/","name":"The Vicu\u00f1a: Peru\u2019s Representative and Emblematic Species","isPartOf":{"@id":"https:\/\/www.salkantaytrekking.com\/blog\/#website"},"primaryImageOfPage":{"@id":"https:\/\/www.salkantaytrekking.com\/blog\/vicuna-perus-representative-emblematic-species\/#primaryimage"},"image":{"@id":"https:\/\/www.salkantaytrekking.com\/blog\/vicuna-perus-representative-emblematic-species\/#primaryimage"},"thumbnailUrl":"https:\/\/www.salkantaytrekking.com\/blog\/wp-content\/uploads\/2022\/12\/The-Vicuna-Perus-Representative-and-Emblematic-Species.jpg","datePublished":"2022-11-08T13:00:00+00:00","dateModified":"2024-12-30T23:06:51+00:00","author":{"@id":"https:\/\/www.salkantaytrekking.com\/blog\/#\/schema\/person\/d10b61834a4cf04c0f65c525f4afc8ec"},"description":"Discover everything you need to know about Peru's representative and emblematic species, the vicu\u00f1a, considered a jewel in the mountains.","breadcrumb":{"@id":"https:\/\/www.salkantaytrekking.com\/blog\/vicuna-perus-representative-emblematic-species\/#breadcrumb"},"inLanguage":"en-US","potentialAction":[{"@type":"ReadAction","target":["https:\/\/www.salkantaytrekking.com\/blog\/vicuna-perus-representative-emblematic-species\/"]}]},{"@type":"ImageObject","inLanguage":"en-US","@id":"https:\/\/www.salkantaytrekking.com\/blog\/vicuna-perus-representative-emblematic-species\/#primaryimage","url":"https:\/\/www.salkantaytrekking.com\/blog\/wp-content\/uploads\/2022\/12\/The-Vicuna-Perus-Representative-and-Emblematic-Species.jpg","contentUrl":"https:\/\/www.salkantaytrekking.com\/blog\/wp-content\/uploads\/2022\/12\/The-Vicuna-Perus-Representative-and-Emblematic-Species.jpg","width":1920,"height":1249,"caption":"Group of Vicunas in the Andes of Peru"},{"@type":"BreadcrumbList","@id":"https:\/\/www.salkantaytrekking.com\/blog\/vicuna-perus-representative-emblematic-species\/#breadcrumb","itemListElement":[{"@type":"ListItem","position":1,"name":"Home","item":"https:\/\/www.salkantaytrekking.com\/blog\/"},{"@type":"ListItem","position":2,"name":"The Vicu\u00f1a: Peru\u2019s Representative and Emblematic Species"}]},{"@type":"WebSite","@id":"https:\/\/www.salkantaytrekking.com\/blog\/#website","url":"https:\/\/www.salkantaytrekking.com\/blog\/","name":"Salkantay Trekking Blog","description":"Blogs","potentialAction":[{"@type":"SearchAction","target":{"@type":"EntryPoint","urlTemplate":"https:\/\/www.salkantaytrekking.com\/blog\/?s={search_term_string}"},"query-input":{"@type":"PropertyValueSpecification","valueRequired":true,"valueName":"search_term_string"}}],"inLanguage":"en-US"},{"@type":"Person","@id":"https:\/\/www.salkantaytrekking.com\/blog\/#\/schema\/person\/d10b61834a4cf04c0f65c525f4afc8ec","name":"Salkantay Trekking","image":{"@type":"ImageObject","inLanguage":"en-US","@id":"https:\/\/secure.gravatar.com\/avatar\/b41678a33c57a2bf0032b7c254611fc97caffd94ade0663405b364d1c0177d1d?s=96&d=mm&r=g","url":"https:\/\/secure.gravatar.com\/avatar\/b41678a33c57a2bf0032b7c254611fc97caffd94ade0663405b364d1c0177d1d?s=96&d=mm&r=g","contentUrl":"https:\/\/secure.gravatar.com\/avatar\/b41678a33c57a2bf0032b7c254611fc97caffd94ade0663405b364d1c0177d1d?s=96&d=mm&r=g","caption":"Salkantay Trekking"}}]}},"_links":{"self":[{"href":"https:\/\/www.salkantaytrekking.com\/blog\/wp-json\/wp\/v2\/posts\/5130","targetHints":{"allow":["GET"]}}],"collection":[{"href":"https:\/\/www.salkantaytrekking.com\/blog\/wp-json\/wp\/v2\/posts"}],"about":[{"href":"https:\/\/www.salkantaytrekking.com\/blog\/wp-json\/wp\/v2\/types\/post"}],"author":[{"embeddable":true,"href":"https:\/\/www.salkantaytrekking.com\/blog\/wp-json\/wp\/v2\/users\/1"}],"replies":[{"embeddable":true,"href":"https:\/\/www.salkantaytrekking.com\/blog\/wp-json\/wp\/v2\/comments?post=5130"}],"version-history":[{"count":3,"href":"https:\/\/www.salkantaytrekking.com\/blog\/wp-json\/wp\/v2\/posts\/5130\/revisions"}],"predecessor-version":[{"id":11361,"href":"https:\/\/www.salkantaytrekking.com\/blog\/wp-json\/wp\/v2\/posts\/5130\/revisions\/11361"}],"wp:featuredmedia":[{"embeddable":true,"href":"https:\/\/www.salkantaytrekking.com\/blog\/wp-json\/wp\/v2\/media\/5137"}],"wp:attachment":[{"href":"https:\/\/www.salkantaytrekking.com\/blog\/wp-json\/wp\/v2\/media?parent=5130"}],"wp:term":[{"taxonomy":"category","embeddable":true,"href":"https:\/\/www.salkantaytrekking.com\/blog\/wp-json\/wp\/v2\/categories?post=5130"},{"taxonomy":"post_tag","embeddable":true,"href":"https:\/\/www.salkantaytrekking.com\/blog\/wp-json\/wp\/v2\/tags?post=5130"}],"curies":[{"name":"wp","href":"https:\/\/api.w.org\/{rel}","templated":true}]}}